{"id":16730,"date":"2025-09-23T22:26:53","date_gmt":"2025-09-23T22:26:53","guid":{"rendered":"https:\/\/atlasemhematologia.com.br\/?p=16730"},"modified":"2026-03-24T20:18:58","modified_gmt":"2026-03-24T20:18:58","slug":"crise-blastica","status":"publish","type":"post","link":"https:\/\/atlasemhematologia.com.br\/blog\/crise-blastica\/","title":{"rendered":"Crise bl\u00e1stica na Leucemia Mieloide Cr\u00f4nica (LMC)"},"content":{"rendered":"\n<p>A crise bl\u00e1stica \u00e9 a fase da LMC que \u00e9 definida pela transforma\u00e7\u00e3o da doen\u00e7a em um quadro semelhante a uma leucemia aguda, geralmente associada a um progn\u00f3stico desfavor\u00e1vel. Nessa etapa, ocorre perda de controle da prolifera\u00e7\u00e3o clonal e diferencia\u00e7\u00e3o celular, o que resulta em ac\u00famulo de blastos imaturos na medula \u00f3ssea e no sangue perif\u00e9rico.<\/p>\n\n\n\n<figure class=\"wp-block-image size-large\"><img decoding=\"async\" src=\"https:\/\/atlasemhematologia.com.br\/blog\/wp-content\/uploads\/2025\/09\/image-10-1030x773.png\" alt=\"\" class=\"wp-image-16731\"\/><\/figure>\n\n\n\n<p class=\"has-text-align-center\">Esfrega\u00e7o de paciente em crise bl\u00e1stica<\/p>\n\n\n\n<p><\/p>\n\n\n\n<h3 class=\"wp-block-heading\"><strong>Crit\u00e9rios diagn\u00f3sticos para crise bl\u00e1stica<\/strong><\/h3>\n\n\n\n<p>Segundo a OMS e outras classifica\u00e7\u00f5es, a crise bl\u00e1stica \u00e9 caracterizada por:<\/p>\n\n\n\n<ul class=\"wp-block-list\">\n<li><strong>Pelo menos<\/strong> 20% de blastos no sangue perif\u00e9rico ou na medula \u00f3ssea<br><\/li>\n\n\n\n<li><strong>Presen\u00e7a<\/strong> de blastos extramedulares (cloroma, infiltra\u00e7\u00e3o tecidual)<br><br><\/li>\n<\/ul>\n\n\n\n<h3 class=\"wp-block-heading\"><strong>Achados no hemograma da crise bl\u00e1stica<\/strong><\/h3>\n\n\n\n<h4 class=\"wp-block-heading\"><strong>Leucocitose acentuada ou leucopenia<\/strong><\/h4>\n\n\n\n<p>O hemograma pode mostrar leuc\u00f3citos muito elevados ou, em contrapartida, nos casos mais avan\u00e7ados e refrat\u00e1rios, queda do n\u00famero total de leuc\u00f3citos.<br><\/p>\n\n\n\n<h4 class=\"wp-block-heading\"><strong>Blastos circulantes<\/strong><\/h4>\n\n\n\n<p>H\u00e1 presen\u00e7a marcante de blastos no sangue perif\u00e9rico, muitas vezes em grande propor\u00e7\u00e3o (\u226520%).&nbsp;<\/p>\n\n\n\n<p><strong>Anemia<\/strong><\/p>\n\n\n\n<p>Observa-se queda importante da hemoglobina, geralmente normoc\u00edtica e normocr\u00f4mica, devido ao fato de que a medula \u00f3ssea tem maior produ\u00e7\u00e3o de blastos que das demais s\u00e9ries.<br><\/p>\n\n\n\n<p><strong>Trombocitopenia ou trombocitose<\/strong><\/p>\n\n\n\n<p>O mais comum \u00e9 a trombocitopenia, refletindo fal\u00eancia medular. Todavia, em alguns casos iniciais, ainda pode haver trombocitose residual.<br><\/p>\n\n\n\n<p><strong>Hiato leuc\u00eamico<\/strong><\/p>\n\n\n\n<p>Diferente da fase cr\u00f4nica, onde h\u00e1 a \u201cmarcha leucocit\u00e1ria completa\u201d, na crise bl\u00e1stica o predom\u00ednio \u00e9 de formas imaturas (blastos e pr\u00f3-miel\u00f3citos), enquanto h\u00e1 desaparecimento da matura\u00e7\u00e3o intermedi\u00e1ria.<br><\/p>\n\n\n\n<p><strong>Basofilia e eosinofilia<\/strong><\/p>\n\n\n\n<p>Esses achados podem estar presentes, embora, na maioria das vezes, se tornem menos evidentes na fase bl\u00e1stica em compara\u00e7\u00e3o \u00e0 fase cr\u00f4nica.<\/p>\n\n\n\n<p><\/p>\n\n\n\n<ol start=\"3\" class=\"wp-block-list\">\n<li><\/li>\n<\/ol>\n\n\n\n<figure class=\"wp-block-image size-large\"><img decoding=\"async\" src=\"https:\/\/atlasemhematologia.com.br\/blog\/wp-content\/uploads\/2025\/09\/image-11-1030x773.png\" alt=\"\" class=\"wp-image-16732\"\/><\/figure>\n\n\n\n<p class=\"has-text-align-center\">Esfrega\u00e7o de paciente com crise bl\u00e1stica<br><\/p>\n\n\n\n<h3 class=\"wp-block-heading\"><strong>Import\u00e2ncia cl\u00ednica e diagn\u00f3stica<\/strong><\/h3>\n\n\n\n<p>O hemograma, associado ao mielograma e \u00e0 imunofenotipagem, \u00e9 fundamental para confirmar a progress\u00e3o da LMC. Dessa forma, a transforma\u00e7\u00e3o bl\u00e1stica indica necessidade de mudan\u00e7a imediata na conduta terap\u00eautica, frequentemente com quimioterapia intensiva e avalia\u00e7\u00e3o para transplante de c\u00e9lulas-tronco hematopo\u00e9ticas. Do ponto de vista progn\u00f3stico, trata-se de um marcador ruim, com sobrevida m\u00e9dia dos pacientes significativamente reduzida.<\/p>\n\n\n\n<figure class=\"wp-block-image size-large\"><a href=\"https:\/\/eventos.atlasemhematologia.com.br\/listadeesperatimeblogatlas\"><img fetchpriority=\"high\" decoding=\"async\" width=\"1030\" height=\"276\" src=\"https:\/\/atlasemhematologia.com.br\/blog\/wp-content\/uploads\/2026\/03\/BANNER-BLOG-ATLAS-1030x276.png\" alt=\"\" class=\"wp-image-17314\" srcset=\"https:\/\/atlasemhematologia.com.br\/blog\/wp-content\/uploads\/2026\/03\/BANNER-BLOG-ATLAS-1030x276.png 1030w, https:\/\/atlasemhematologia.com.br\/blog\/wp-content\/uploads\/2026\/03\/BANNER-BLOG-ATLAS-300x80.png 300w, https:\/\/atlasemhematologia.com.br\/blog\/wp-content\/uploads\/2026\/03\/BANNER-BLOG-ATLAS-768x206.png 768w, https:\/\/atlasemhematologia.com.br\/blog\/wp-content\/uploads\/2026\/03\/BANNER-BLOG-ATLAS-1536x411.png 1536w, https:\/\/atlasemhematologia.com.br\/blog\/wp-content\/uploads\/2026\/03\/BANNER-BLOG-ATLAS-2048x549.png 2048w\" sizes=\"(max-width: 1030px) 100vw, 1030px\" \/><\/a><\/figure>\n\n\n\n<p><strong>Refer\u00eancias:<\/strong><\/p>\n\n\n\n<ul class=\"wp-block-list\">\n<li>Swerdlow SH, Campo E, Harris NL, et al. <em>WHO Classification of Tumours of Haematopoietic and Lymphoid Tissues<\/em>. IARC: Lyon; 2017.<br><\/li>\n\n\n\n<li>Hoffbrand AV, Higgs DR, Keeling DM, Mehta AB. <em>Hoffbrand\u2019s Essential Haematology<\/em>. 8th ed. Wiley-Blackwell; 2019.<br><\/li>\n\n\n\n<li>Vardiman JW, Melo JV, Baccarani M, Radich JP. Chronic myelogenous leukemia, BCR-ABL1 positive. <em>Blood<\/em>. 2009;114(5):937-951.<\/li>\n<\/ul>\n","protected":false},"excerpt":{"rendered":"<p>A crise bl\u00e1stica \u00e9 a fase da LMC que \u00e9 definida pela transforma\u00e7\u00e3o da doen\u00e7a em um quadro semelhante a uma leucemia aguda, geralmente associada a um progn\u00f3stico desfavor\u00e1vel. Nessa etapa, ocorre perda de controle da prolifera\u00e7\u00e3o clonal e diferencia\u00e7\u00e3o celular, o que resulta em ac\u00famulo de blastos imaturos na medula \u00f3ssea e no sangue [&hellip;]<\/p>\n","protected":false},"author":3,"featured_media":16734,"comment_status":"open","ping_status":"open","sticky":false,"template":"","format":"standard","meta":{"pagelayer_contact_templates":[],"_pagelayer_content":"","footnotes":""},"categories":[13,18],"tags":[],"class_list":["post-16730","post","type-post","status-publish","format-standard","has-post-thumbnail","hentry","category-celulas","category-doencas-hematologicas"],"yoast_head":"<!-- This site is optimized with the Yoast SEO plugin v27.2 - https:\/\/yoast.com\/product\/yoast-seo-wordpress\/ -->\n<title>Crise bl\u00e1stica na Leucemia Mieloide Cr\u00f4nica (LMC) - Blog - Atlas em Hematologia<\/title>\n<meta name=\"description\" content=\"A crise bl\u00e1stica representa a fase da LMC e \u00e9 definida pela transforma\u00e7\u00e3o da doen\u00e7a em um quadro semelhante a uma leucemia aguda, geralmente associada a um progn\u00f3stico desfavor\u00e1vel. Nessa etapa, ocorre perda de controle da prolifera\u00e7\u00e3o clonal e diferencia\u00e7\u00e3o celular, o que resulta em ac\u00famulo de blastos imaturos na medula \u00f3ssea e no sangue perif\u00e9rico.\" \/>\n<meta name=\"robots\" content=\"index, follow, max-snippet:-1, max-image-preview:large, max-video-preview:-1\" \/>\n<link rel=\"canonical\" href=\"https:\/\/atlasemhematologia.com.br\/blog\/crise-blastica\/\" \/>\n<meta property=\"og:locale\" content=\"pt_BR\" \/>\n<meta property=\"og:type\" content=\"article\" \/>\n<meta property=\"og:title\" content=\"Crise bl\u00e1stica na Leucemia Mieloide Cr\u00f4nica (LMC) - Blog - Atlas em Hematologia\" \/>\n<meta property=\"og:description\" content=\"A crise bl\u00e1stica representa a fase da LMC e \u00e9 definida pela transforma\u00e7\u00e3o da doen\u00e7a em um quadro semelhante a uma leucemia aguda, geralmente associada a um progn\u00f3stico desfavor\u00e1vel. Nessa etapa, ocorre perda de controle da prolifera\u00e7\u00e3o clonal e diferencia\u00e7\u00e3o celular, o que resulta em ac\u00famulo de blastos imaturos na medula \u00f3ssea e no sangue perif\u00e9rico.\" \/>\n<meta property=\"og:url\" content=\"https:\/\/atlasemhematologia.com.br\/blog\/crise-blastica\/\" \/>\n<meta property=\"og:site_name\" content=\"Blog - Atlas em Hematologia\" \/>\n<meta property=\"article:published_time\" content=\"2025-09-23T22:26:53+00:00\" \/>\n<meta property=\"article:modified_time\" content=\"2026-03-24T20:18:58+00:00\" \/>\n<meta name=\"author\" content=\"Thiago Alcantara\" \/>\n<meta name=\"twitter:card\" content=\"summary_large_image\" \/>\n<meta name=\"twitter:label1\" content=\"Escrito por\" \/>\n\t<meta name=\"twitter:data1\" content=\"Thiago Alcantara\" \/>\n\t<meta name=\"twitter:label2\" content=\"Est. tempo de leitura\" \/>\n\t<meta name=\"twitter:data2\" content=\"3 minutos\" \/>\n<script type=\"application\/ld+json\" class=\"yoast-schema-graph\">{\"@context\":\"https:\/\/schema.org\",\"@graph\":[{\"@type\":\"Article\",\"@id\":\"https:\/\/atlasemhematologia.com.br\/blog\/crise-blastica\/#article\",\"isPartOf\":{\"@id\":\"https:\/\/atlasemhematologia.com.br\/blog\/crise-blastica\/\"},\"author\":{\"name\":\"Thiago Alcantara\",\"@id\":\"https:\/\/atlasemhematologia.com.br\/blog\/#\/schema\/person\/81c81f9c3605c9d9574cea18d2809865\"},\"headline\":\"Crise bl\u00e1stica na Leucemia Mieloide Cr\u00f4nica (LMC)\",\"datePublished\":\"2025-09-23T22:26:53+00:00\",\"dateModified\":\"2026-03-24T20:18:58+00:00\",\"mainEntityOfPage\":{\"@id\":\"https:\/\/atlasemhematologia.com.br\/blog\/crise-blastica\/\"},\"wordCount\":428,\"commentCount\":0,\"publisher\":{\"@id\":\"https:\/\/atlasemhematologia.com.br\/blog\/#organization\"},\"image\":{\"@id\":\"https:\/\/atlasemhematologia.com.br\/blog\/crise-blastica\/#primaryimage\"},\"thumbnailUrl\":\"\",\"articleSection\":[\"C\u00c9LULAS\",\"DOEN\u00c7AS HEMATOL\u00d3GICAS\"],\"inLanguage\":\"pt-BR\",\"potentialAction\":[{\"@type\":\"CommentAction\",\"name\":\"Comment\",\"target\":[\"https:\/\/atlasemhematologia.com.br\/blog\/crise-blastica\/#respond\"]}]},{\"@type\":\"WebPage\",\"@id\":\"https:\/\/atlasemhematologia.com.br\/blog\/crise-blastica\/\",\"url\":\"https:\/\/atlasemhematologia.com.br\/blog\/crise-blastica\/\",\"name\":\"Crise bl\u00e1stica na Leucemia Mieloide Cr\u00f4nica (LMC) - Blog - Atlas em Hematologia\",\"isPartOf\":{\"@id\":\"https:\/\/atlasemhematologia.com.br\/blog\/#website\"},\"primaryImageOfPage\":{\"@id\":\"https:\/\/atlasemhematologia.com.br\/blog\/crise-blastica\/#primaryimage\"},\"image\":{\"@id\":\"https:\/\/atlasemhematologia.com.br\/blog\/crise-blastica\/#primaryimage\"},\"thumbnailUrl\":\"\",\"datePublished\":\"2025-09-23T22:26:53+00:00\",\"dateModified\":\"2026-03-24T20:18:58+00:00\",\"description\":\"A crise bl\u00e1stica representa a fase da LMC e \u00e9 definida pela transforma\u00e7\u00e3o da doen\u00e7a em um quadro semelhante a uma leucemia aguda, geralmente associada a um progn\u00f3stico desfavor\u00e1vel. Nessa etapa, ocorre perda de controle da prolifera\u00e7\u00e3o clonal e diferencia\u00e7\u00e3o celular, o que resulta em ac\u00famulo de blastos imaturos na medula \u00f3ssea e no sangue perif\u00e9rico.\",\"breadcrumb\":{\"@id\":\"https:\/\/atlasemhematologia.com.br\/blog\/crise-blastica\/#breadcrumb\"},\"inLanguage\":\"pt-BR\",\"potentialAction\":[{\"@type\":\"ReadAction\",\"target\":[\"https:\/\/atlasemhematologia.com.br\/blog\/crise-blastica\/\"]}]},{\"@type\":\"ImageObject\",\"inLanguage\":\"pt-BR\",\"@id\":\"https:\/\/atlasemhematologia.com.br\/blog\/crise-blastica\/#primaryimage\",\"url\":\"\",\"contentUrl\":\"\"},{\"@type\":\"BreadcrumbList\",\"@id\":\"https:\/\/atlasemhematologia.com.br\/blog\/crise-blastica\/#breadcrumb\",\"itemListElement\":[{\"@type\":\"ListItem\",\"position\":1,\"name\":\"In\u00edcio\",\"item\":\"https:\/\/atlasemhematologia.com.br\/blog\/\"},{\"@type\":\"ListItem\",\"position\":2,\"name\":\"Crise bl\u00e1stica na Leucemia Mieloide Cr\u00f4nica (LMC)\"}]},{\"@type\":\"WebSite\",\"@id\":\"https:\/\/atlasemhematologia.com.br\/blog\/#website\",\"url\":\"https:\/\/atlasemhematologia.com.br\/blog\/\",\"name\":\"Blog - Atlas em Hematologia\",\"description\":\"Blog - Atlas em Hematologia\",\"publisher\":{\"@id\":\"https:\/\/atlasemhematologia.com.br\/blog\/#organization\"},\"potentialAction\":[{\"@type\":\"SearchAction\",\"target\":{\"@type\":\"EntryPoint\",\"urlTemplate\":\"https:\/\/atlasemhematologia.com.br\/blog\/?s={search_term_string}\"},\"query-input\":{\"@type\":\"PropertyValueSpecification\",\"valueRequired\":true,\"valueName\":\"search_term_string\"}}],\"inLanguage\":\"pt-BR\"},{\"@type\":\"Organization\",\"@id\":\"https:\/\/atlasemhematologia.com.br\/blog\/#organization\",\"name\":\"Blog - Atlas em Hematologia\",\"url\":\"https:\/\/atlasemhematologia.com.br\/blog\/\",\"logo\":{\"@type\":\"ImageObject\",\"inLanguage\":\"pt-BR\",\"@id\":\"https:\/\/atlasemhematologia.com.br\/blog\/#\/schema\/logo\/image\/\",\"url\":\"https:\/\/atlasemhematologia.com.br\/blog\/wp-content\/uploads\/2025\/09\/Logo-TA-Horizontal-1-scaled.png\",\"contentUrl\":\"https:\/\/atlasemhematologia.com.br\/blog\/wp-content\/uploads\/2025\/09\/Logo-TA-Horizontal-1-scaled.png\",\"width\":2560,\"height\":886,\"caption\":\"Blog - Atlas em Hematologia\"},\"image\":{\"@id\":\"https:\/\/atlasemhematologia.com.br\/blog\/#\/schema\/logo\/image\/\"}},{\"@type\":\"Person\",\"@id\":\"https:\/\/atlasemhematologia.com.br\/blog\/#\/schema\/person\/81c81f9c3605c9d9574cea18d2809865\",\"name\":\"Thiago Alcantara\",\"image\":{\"@type\":\"ImageObject\",\"inLanguage\":\"pt-BR\",\"@id\":\"https:\/\/secure.gravatar.com\/avatar\/efb1e9db30768e7f0006b192876bddba4cbee63a76ac7d8f40e353fd05de0f16?s=96&d=mm&r=g\",\"url\":\"https:\/\/secure.gravatar.com\/avatar\/efb1e9db30768e7f0006b192876bddba4cbee63a76ac7d8f40e353fd05de0f16?s=96&d=mm&r=g\",\"contentUrl\":\"https:\/\/secure.gravatar.com\/avatar\/efb1e9db30768e7f0006b192876bddba4cbee63a76ac7d8f40e353fd05de0f16?s=96&d=mm&r=g\",\"caption\":\"Thiago Alcantara\"},\"url\":\"https:\/\/atlasemhematologia.com.br\/blog\/author\/thiago\/\"}]}<\/script>\n<!-- \/ Yoast SEO plugin. -->","yoast_head_json":{"title":"Crise bl\u00e1stica na Leucemia Mieloide Cr\u00f4nica (LMC) - Blog - Atlas em Hematologia","description":"A crise bl\u00e1stica representa a fase da LMC e \u00e9 definida pela transforma\u00e7\u00e3o da doen\u00e7a em um quadro semelhante a uma leucemia aguda, geralmente associada a um progn\u00f3stico desfavor\u00e1vel. Nessa etapa, ocorre perda de controle da prolifera\u00e7\u00e3o clonal e diferencia\u00e7\u00e3o celular, o que resulta em ac\u00famulo de blastos imaturos na medula \u00f3ssea e no sangue perif\u00e9rico.","robots":{"index":"index","follow":"follow","max-snippet":"max-snippet:-1","max-image-preview":"max-image-preview:large","max-video-preview":"max-video-preview:-1"},"canonical":"https:\/\/atlasemhematologia.com.br\/blog\/crise-blastica\/","og_locale":"pt_BR","og_type":"article","og_title":"Crise bl\u00e1stica na Leucemia Mieloide Cr\u00f4nica (LMC) - Blog - Atlas em Hematologia","og_description":"A crise bl\u00e1stica representa a fase da LMC e \u00e9 definida pela transforma\u00e7\u00e3o da doen\u00e7a em um quadro semelhante a uma leucemia aguda, geralmente associada a um progn\u00f3stico desfavor\u00e1vel. Nessa etapa, ocorre perda de controle da prolifera\u00e7\u00e3o clonal e diferencia\u00e7\u00e3o celular, o que resulta em ac\u00famulo de blastos imaturos na medula \u00f3ssea e no sangue perif\u00e9rico.","og_url":"https:\/\/atlasemhematologia.com.br\/blog\/crise-blastica\/","og_site_name":"Blog - Atlas em Hematologia","article_published_time":"2025-09-23T22:26:53+00:00","article_modified_time":"2026-03-24T20:18:58+00:00","author":"Thiago Alcantara","twitter_card":"summary_large_image","twitter_misc":{"Escrito por":"Thiago Alcantara","Est. tempo de leitura":"3 minutos"},"schema":{"@context":"https:\/\/schema.org","@graph":[{"@type":"Article","@id":"https:\/\/atlasemhematologia.com.br\/blog\/crise-blastica\/#article","isPartOf":{"@id":"https:\/\/atlasemhematologia.com.br\/blog\/crise-blastica\/"},"author":{"name":"Thiago Alcantara","@id":"https:\/\/atlasemhematologia.com.br\/blog\/#\/schema\/person\/81c81f9c3605c9d9574cea18d2809865"},"headline":"Crise bl\u00e1stica na Leucemia Mieloide Cr\u00f4nica (LMC)","datePublished":"2025-09-23T22:26:53+00:00","dateModified":"2026-03-24T20:18:58+00:00","mainEntityOfPage":{"@id":"https:\/\/atlasemhematologia.com.br\/blog\/crise-blastica\/"},"wordCount":428,"commentCount":0,"publisher":{"@id":"https:\/\/atlasemhematologia.com.br\/blog\/#organization"},"image":{"@id":"https:\/\/atlasemhematologia.com.br\/blog\/crise-blastica\/#primaryimage"},"thumbnailUrl":"","articleSection":["C\u00c9LULAS","DOEN\u00c7AS HEMATOL\u00d3GICAS"],"inLanguage":"pt-BR","potentialAction":[{"@type":"CommentAction","name":"Comment","target":["https:\/\/atlasemhematologia.com.br\/blog\/crise-blastica\/#respond"]}]},{"@type":"WebPage","@id":"https:\/\/atlasemhematologia.com.br\/blog\/crise-blastica\/","url":"https:\/\/atlasemhematologia.com.br\/blog\/crise-blastica\/","name":"Crise bl\u00e1stica na Leucemia Mieloide Cr\u00f4nica (LMC) - Blog - Atlas em Hematologia","isPartOf":{"@id":"https:\/\/atlasemhematologia.com.br\/blog\/#website"},"primaryImageOfPage":{"@id":"https:\/\/atlasemhematologia.com.br\/blog\/crise-blastica\/#primaryimage"},"image":{"@id":"https:\/\/atlasemhematologia.com.br\/blog\/crise-blastica\/#primaryimage"},"thumbnailUrl":"","datePublished":"2025-09-23T22:26:53+00:00","dateModified":"2026-03-24T20:18:58+00:00","description":"A crise bl\u00e1stica representa a fase da LMC e \u00e9 definida pela transforma\u00e7\u00e3o da doen\u00e7a em um quadro semelhante a uma leucemia aguda, geralmente associada a um progn\u00f3stico desfavor\u00e1vel. Nessa etapa, ocorre perda de controle da prolifera\u00e7\u00e3o clonal e diferencia\u00e7\u00e3o celular, o que resulta em ac\u00famulo de blastos imaturos na medula \u00f3ssea e no sangue perif\u00e9rico.","breadcrumb":{"@id":"https:\/\/atlasemhematologia.com.br\/blog\/crise-blastica\/#breadcrumb"},"inLanguage":"pt-BR","potentialAction":[{"@type":"ReadAction","target":["https:\/\/atlasemhematologia.com.br\/blog\/crise-blastica\/"]}]},{"@type":"ImageObject","inLanguage":"pt-BR","@id":"https:\/\/atlasemhematologia.com.br\/blog\/crise-blastica\/#primaryimage","url":"","contentUrl":""},{"@type":"BreadcrumbList","@id":"https:\/\/atlasemhematologia.com.br\/blog\/crise-blastica\/#breadcrumb","itemListElement":[{"@type":"ListItem","position":1,"name":"In\u00edcio","item":"https:\/\/atlasemhematologia.com.br\/blog\/"},{"@type":"ListItem","position":2,"name":"Crise bl\u00e1stica na Leucemia Mieloide Cr\u00f4nica (LMC)"}]},{"@type":"WebSite","@id":"https:\/\/atlasemhematologia.com.br\/blog\/#website","url":"https:\/\/atlasemhematologia.com.br\/blog\/","name":"Blog - Atlas em Hematologia","description":"Blog - Atlas em Hematologia","publisher":{"@id":"https:\/\/atlasemhematologia.com.br\/blog\/#organization"},"potentialAction":[{"@type":"SearchAction","target":{"@type":"EntryPoint","urlTemplate":"https:\/\/atlasemhematologia.com.br\/blog\/?s={search_term_string}"},"query-input":{"@type":"PropertyValueSpecification","valueRequired":true,"valueName":"search_term_string"}}],"inLanguage":"pt-BR"},{"@type":"Organization","@id":"https:\/\/atlasemhematologia.com.br\/blog\/#organization","name":"Blog - Atlas em Hematologia","url":"https:\/\/atlasemhematologia.com.br\/blog\/","logo":{"@type":"ImageObject","inLanguage":"pt-BR","@id":"https:\/\/atlasemhematologia.com.br\/blog\/#\/schema\/logo\/image\/","url":"https:\/\/atlasemhematologia.com.br\/blog\/wp-content\/uploads\/2025\/09\/Logo-TA-Horizontal-1-scaled.png","contentUrl":"https:\/\/atlasemhematologia.com.br\/blog\/wp-content\/uploads\/2025\/09\/Logo-TA-Horizontal-1-scaled.png","width":2560,"height":886,"caption":"Blog - Atlas em Hematologia"},"image":{"@id":"https:\/\/atlasemhematologia.com.br\/blog\/#\/schema\/logo\/image\/"}},{"@type":"Person","@id":"https:\/\/atlasemhematologia.com.br\/blog\/#\/schema\/person\/81c81f9c3605c9d9574cea18d2809865","name":"Thiago Alcantara","image":{"@type":"ImageObject","inLanguage":"pt-BR","@id":"https:\/\/secure.gravatar.com\/avatar\/efb1e9db30768e7f0006b192876bddba4cbee63a76ac7d8f40e353fd05de0f16?s=96&d=mm&r=g","url":"https:\/\/secure.gravatar.com\/avatar\/efb1e9db30768e7f0006b192876bddba4cbee63a76ac7d8f40e353fd05de0f16?s=96&d=mm&r=g","contentUrl":"https:\/\/secure.gravatar.com\/avatar\/efb1e9db30768e7f0006b192876bddba4cbee63a76ac7d8f40e353fd05de0f16?s=96&d=mm&r=g","caption":"Thiago Alcantara"},"url":"https:\/\/atlasemhematologia.com.br\/blog\/author\/thiago\/"}]}},"_links":{"self":[{"href":"https:\/\/atlasemhematologia.com.br\/blog\/wp-json\/wp\/v2\/posts\/16730","targetHints":{"allow":["GET"]}}],"collection":[{"href":"https:\/\/atlasemhematologia.com.br\/blog\/wp-json\/wp\/v2\/posts"}],"about":[{"href":"https:\/\/atlasemhematologia.com.br\/blog\/wp-json\/wp\/v2\/types\/post"}],"author":[{"embeddable":true,"href":"https:\/\/atlasemhematologia.com.br\/blog\/wp-json\/wp\/v2\/users\/3"}],"replies":[{"embeddable":true,"href":"https:\/\/atlasemhematologia.com.br\/blog\/wp-json\/wp\/v2\/comments?post=16730"}],"version-history":[{"count":2,"href":"https:\/\/atlasemhematologia.com.br\/blog\/wp-json\/wp\/v2\/posts\/16730\/revisions"}],"predecessor-version":[{"id":17351,"href":"https:\/\/atlasemhematologia.com.br\/blog\/wp-json\/wp\/v2\/posts\/16730\/revisions\/17351"}],"wp:featuredmedia":[{"embeddable":true,"href":"https:\/\/atlasemhematologia.com.br\/blog\/wp-json\/"}],"wp:attachment":[{"href":"https:\/\/atlasemhematologia.com.br\/blog\/wp-json\/wp\/v2\/media?parent=16730"}],"wp:term":[{"taxonomy":"category","embeddable":true,"href":"https:\/\/atlasemhematologia.com.br\/blog\/wp-json\/wp\/v2\/categories?post=16730"},{"taxonomy":"post_tag","embeddable":true,"href":"https:\/\/atlasemhematologia.com.br\/blog\/wp-json\/wp\/v2\/tags?post=16730"}],"curies":[{"name":"wp","href":"https:\/\/api.w.org\/{rel}","templated":true}]}}